{"id":3461,"date":"2026-04-23T12:07:17","date_gmt":"2026-04-23T10:07:17","guid":{"rendered":"https:\/\/www.castellperalada.com\/?p=3461"},"modified":"2026-04-23T12:08:58","modified_gmt":"2026-04-23T10:08:58","slug":"tendencies-de-decoracio-per-al-vostre-casament-a-castell-perelada","status":"publish","type":"post","link":"https:\/\/www.castellperalada.com\/ca\/2026\/04\/23\/tendencies-de-decoracio-per-al-vostre-casament-a-castell-perelada\/","title":{"rendered":"Tend\u00e8ncies de decoraci\u00f3 per al vostre casament a Castell Perelada"},"content":{"rendered":"\n<p>Els casaments aquest 2026 evolucionen cap a <strong>celebracions personals, aut\u00e8ntiques i plenes de significat<\/strong>. Castell Perelada, situat en ple cor de l&#8217;Alt Empord\u00e0 i a pocs minuts de la Costa Brava, aquestes tend\u00e8ncies prenen vida en un entorn on hist\u00f2ria i natura es fusionen. <\/p>\n\n<p>Si esteu planejant el vostre casament en el Mediterrani, <strong>descobriu com adaptar les tend\u00e8ncies de decoraci\u00f3 de casaments <\/strong>per a aquest 2026, <strong>en el Castell de Peralada<\/strong>.<\/p>\n\n<div style=\"height:5px\" aria-hidden=\"true\" class=\"wp-block-spacer\"><\/div>\n\n<h2 class=\"wp-block-heading\">Decoraci\u00f3 elegant i atemporal<\/h2>\n\n<p>Els casaments aquest any aposten per una <strong>est\u00e8tica atemporal<\/strong>, on predominen les <strong>tonalitats neutres <\/strong>com blancs, sorres i verds suaus. Aquesta paleta encaixa perfectament amb el paisatge mediterrani que trobareu a Peralada. <\/p>\n\n<p>En espais com el <strong>Mirador del Castell <\/strong>o <strong>en els seus jardins<\/strong>, les <strong>taules allargades<\/strong> estil <em>family style <\/em>amb <strong>estovalles de lli natural <\/strong>creen ambients sofisticats i acollidors, ideals per a casaments a la Costa Brava.<\/p>\n\n<p>Aix\u00ed mateix, la <strong>il\u00b7luminaci\u00f3 c\u00e0lida amb espelmes i l\u00e0mpades de vidre<\/strong>, es converteix en un element clau per a casaments celebrats al capvespre, creant una atmosfera m\u00e0gica amb vistes al castell i al paisatge de l&#8217;Empord\u00e0.<\/p>\n\n<figure class=\"wp-block-image size-large is-resized\"><img fetchpriority=\"high\" decoding=\"async\" width=\"1024\" height=\"680\" src=\"https:\/\/www.castellperalada.com\/wp-content\/uploads\/2026\/04\/tendencies-decoracio-casaments-2026-1-1024x680.jpg\" alt=\"Castell Perelada\" class=\"wp-image-3451\" style=\"width:1414px\" srcset=\"https:\/\/www.castellperalada.com\/wp-content\/uploads\/2026\/04\/tendencies-decoracio-casaments-2026-1-1024x680.jpg 1024w, https:\/\/www.castellperalada.com\/wp-content\/uploads\/2026\/04\/tendencies-decoracio-casaments-2026-1-300x199.jpg 300w, https:\/\/www.castellperalada.com\/wp-content\/uploads\/2026\/04\/tendencies-decoracio-casaments-2026-1-768x510.jpg 768w, https:\/\/www.castellperalada.com\/wp-content\/uploads\/2026\/04\/tendencies-decoracio-casaments-2026-1.jpg 1397w\" sizes=\"(max-width: 1024px) 100vw, 1024px\" \/><\/figure>\n\n<div style=\"height:5px\" aria-hidden=\"true\" class=\"wp-block-spacer\"><\/div>\n\n<h2 class=\"wp-block-heading\">Estils aut\u00e8ntics i amb significat<\/h2>\n\n<p>Les parelles busquen cada cop m\u00e9s casaments aut\u00e8ntics i alineats amb el seu estil personal.<\/p>\n\n<ul class=\"wp-block-list\">\n<li><strong>Estil minimalista:<\/strong> Aquest estil aposta per decoracions senzilles i elegants. Materials com la fusta i el lli, combinats amb una decoraci\u00f3 neta, creen un ambient relaxat i sofisticat. <\/li>\n\n\n\n<li><strong>Boho mediterrani:<\/strong> Combina l&#8217;estil bohemi amb la natura. Predominen tonalitats neutres, flors fresques i materials org\u00e0nics com la cer\u00e0mica o el v\u00edmet, que s&#8217;integren perfectament en casaments a l&#8217;aire lliure. <\/li>\n\n\n\n<li><strong>Rococ\u00f3 glam:<\/strong> El car\u00e0cter hist\u00f2ric de Castell Perelada \u00e9s l&#8217;escenari ideal si us decanteu per aquest estil. La decoraci\u00f3 aposta per canelobres, teixits rics i detalls ornamentals. <\/li>\n<\/ul>\n\n<figure class=\"wp-block-image size-large is-resized\"><img decoding=\"async\" width=\"1024\" height=\"682\" src=\"https:\/\/www.castellperalada.com\/wp-content\/uploads\/2026\/04\/tendencies-decoracio-casaments-2026-2-1024x682.jpg\" alt=\"Castell Perelada\" class=\"wp-image-3452\" style=\"width:1414px\" srcset=\"https:\/\/www.castellperalada.com\/wp-content\/uploads\/2026\/04\/tendencies-decoracio-casaments-2026-2-1024x682.jpg 1024w, https:\/\/www.castellperalada.com\/wp-content\/uploads\/2026\/04\/tendencies-decoracio-casaments-2026-2-300x200.jpg 300w, https:\/\/www.castellperalada.com\/wp-content\/uploads\/2026\/04\/tendencies-decoracio-casaments-2026-2-768x512.jpg 768w, https:\/\/www.castellperalada.com\/wp-content\/uploads\/2026\/04\/tendencies-decoracio-casaments-2026-2.jpg 1390w\" sizes=\"(max-width: 1024px) 100vw, 1024px\" \/><\/figure>\n\n<div style=\"height:5px\" aria-hidden=\"true\" class=\"wp-block-spacer\"><\/div>\n\n<h2 class=\"wp-block-heading\">Colors i metal\u00b7litzats suaus<\/h2>\n\n<p>Les tend\u00e8ncies de color per a casaments aquest 2026 s&#8217;alineen amb l&#8217;est\u00e8tica Mediterr\u00e0nia: <strong>tonalitats suaus<\/strong> i <strong>empolsats <\/strong>com malva, rosa maquillatge, verd s\u00e0lvia o blau lavanda.<\/p>\n\n<p>Aquests colors encaixen perfectament amb l&#8217;entorn natural de l&#8217;Empord\u00e0, permetent crear ambients rom\u00e0ntics tant de dia com de nit.<\/p>\n\n<p>Els <strong>metal\u00b7litzats suaus<\/strong>, com l&#8217;<strong>or rosa <\/strong>o el <strong>coure envellit<\/strong>, aporten un toc sofisticat en detalls de decoraci\u00f3, papereria o taules.<\/p>\n\n<figure class=\"wp-block-image size-large is-resized\"><img decoding=\"async\" width=\"1024\" height=\"678\" src=\"https:\/\/www.castellperalada.com\/wp-content\/uploads\/2026\/04\/tendencies-decoracio-casaments-2026-3-1024x678.jpg\" alt=\"Castell Perelada\" class=\"wp-image-3453\" style=\"width:1414px\" srcset=\"https:\/\/www.castellperalada.com\/wp-content\/uploads\/2026\/04\/tendencies-decoracio-casaments-2026-3-1024x678.jpg 1024w, https:\/\/www.castellperalada.com\/wp-content\/uploads\/2026\/04\/tendencies-decoracio-casaments-2026-3-300x199.jpg 300w, https:\/\/www.castellperalada.com\/wp-content\/uploads\/2026\/04\/tendencies-decoracio-casaments-2026-3-768x509.jpg 768w, https:\/\/www.castellperalada.com\/wp-content\/uploads\/2026\/04\/tendencies-decoracio-casaments-2026-3.jpg 1398w\" sizes=\"(max-width: 1024px) 100vw, 1024px\" \/><\/figure>\n\n<div style=\"height:5px\" aria-hidden=\"true\" class=\"wp-block-spacer\"><\/div>\n\n<h2 class=\"wp-block-heading\">Decoraci\u00f3 de taules<\/h2>\n\n<p>Les taules es converteixen en un dels elements clau en la decoraci\u00f3 de casaments aquest 2026. Les noves tend\u00e8ncies aposten per <strong>dissenys m\u00e9s org\u00e0nics<\/strong>, com<strong> taules serpentejants<\/strong> que <strong>afavoreixen la interacci\u00f3 entre convidats<\/strong>. <\/p>\n\n<p>A Castell Perelada, tant en interiors com en exteriors, les taules llargues amb<strong> t\u00e8xtils naturals<\/strong>, com el<strong> lli arrugat<\/strong> o <strong>camins de jute<\/strong>. I elements com la <strong>fusta <\/strong>o la <strong>cer\u00e0mica <\/strong>creen una est\u00e8tica mediterr\u00e0nia elegant i acollidora. <\/p>\n\n<p>Aquesta <strong>combinaci\u00f3 de materials aporta textura, calidesa<\/strong> i un estil molt alineats amb els casaments a la Costa Brava.<\/p>\n\n<figure class=\"wp-block-image size-large is-resized\"><img loading=\"lazy\" decoding=\"async\" width=\"1024\" height=\"612\" src=\"https:\/\/www.castellperalada.com\/wp-content\/uploads\/2026\/04\/tendencies-decoracio-casaments-2026-44-1024x612.jpg\" alt=\"Castell Perelada\" class=\"wp-image-3455\" style=\"width:1414px\" srcset=\"https:\/\/www.castellperalada.com\/wp-content\/uploads\/2026\/04\/tendencies-decoracio-casaments-2026-44-1024x612.jpg 1024w, https:\/\/www.castellperalada.com\/wp-content\/uploads\/2026\/04\/tendencies-decoracio-casaments-2026-44-300x179.jpg 300w, https:\/\/www.castellperalada.com\/wp-content\/uploads\/2026\/04\/tendencies-decoracio-casaments-2026-44-768x459.jpg 768w, https:\/\/www.castellperalada.com\/wp-content\/uploads\/2026\/04\/tendencies-decoracio-casaments-2026-44.jpg 1386w\" sizes=\"(max-width: 1024px) 100vw, 1024px\" \/><\/figure>\n\n<div style=\"height:10px\" aria-hidden=\"true\" class=\"wp-block-spacer\"><\/div>\n\n<h2 class=\"wp-block-heading\">Celebreu el vostre casament a Castell Perelada aquest 2026<\/h2>\n\n<p>Casar-se a Castell Perelada \u00e9s apostar per un entorn \u00fanic a la Costa Brava, on <strong>cada detall pot personalitzar-se per reflectir l&#8217;ess\u00e8ncia de cada parella<\/strong>.<\/p>\n\n<p>Les <strong>tend\u00e8ncies de casaments aquest 2026<\/strong> reforcen la idea de <strong>celebracions m\u00e9s aut\u00e8ntiques<\/strong>, <strong>sostenibles <\/strong>i <strong>connectades amb l&#8217;entorn<\/strong>. A Castell Perelada, el paisatge, l&#8217;arquitectura i l&#8217;ambient mediterrani es converteixen en aliats perfectes per crear un casament inoblidable. <\/p>\n\n<div class=\"wp-block-buttons has-white-background-color has-background is-layout-flex wp-block-buttons-is-layout-flex\">\n<div class=\"wp-block-button is-style-outline is-style-outline--1\"><a class=\"wp-block-button__link has-text-color has-link-color wp-element-button\" href=\"https:\/\/www.castellperalada.com\/ca\/contacte\/\" style=\"color:#984857\">Sol\u00b7liciteu la vostra visita personalitzada i dissenyeu el vostre casament<\/a><\/div>\n<\/div>\n\n<p><\/p>\n","protected":false},"excerpt":{"rendered":"<p>Els casaments aquest 2026 evolucionen cap a celebracions personals, aut\u00e8ntiques i plenes de significat. Castell Perelada, situat en ple cor de l&#8217;Alt Empord\u00e0 i a pocs minuts de la Costa Brava, aquestes tend\u00e8ncies prenen vida en un entorn on hist\u00f2ria i natura es fusionen. Si esteu planejant el vostre casament en el Mediterrani, descobriu com [&hellip;]<\/p>\n","protected":false},"author":2,"featured_media":3482,"comment_status":"closed","ping_status":"open","sticky":false,"template":"","format":"standard","meta":{"footnotes":""},"categories":[33],"tags":[],"class_list":["post-3461","post","type-post","status-publish","format-standard","has-post-thumbnail","hentry","category-sin-categoria"],"_links":{"self":[{"href":"https:\/\/www.castellperalada.com\/ca\/wp-json\/wp\/v2\/posts\/3461","targetHints":{"allow":["GET"]}}],"collection":[{"href":"https:\/\/www.castellperalada.com\/ca\/wp-json\/wp\/v2\/posts"}],"about":[{"href":"https:\/\/www.castellperalada.com\/ca\/wp-json\/wp\/v2\/types\/post"}],"author":[{"embeddable":true,"href":"https:\/\/www.castellperalada.com\/ca\/wp-json\/wp\/v2\/users\/2"}],"replies":[{"embeddable":true,"href":"https:\/\/www.castellperalada.com\/ca\/wp-json\/wp\/v2\/comments?post=3461"}],"version-history":[{"count":0,"href":"https:\/\/www.castellperalada.com\/ca\/wp-json\/wp\/v2\/posts\/3461\/revisions"}],"wp:featuredmedia":[{"embeddable":true,"href":"https:\/\/www.castellperalada.com\/ca\/wp-json\/wp\/v2\/media\/3482"}],"wp:attachment":[{"href":"https:\/\/www.castellperalada.com\/ca\/wp-json\/wp\/v2\/media?parent=3461"}],"wp:term":[{"taxonomy":"category","embeddable":true,"href":"https:\/\/www.castellperalada.com\/ca\/wp-json\/wp\/v2\/categories?post=3461"},{"taxonomy":"post_tag","embeddable":true,"href":"https:\/\/www.castellperalada.com\/ca\/wp-json\/wp\/v2\/tags?post=3461"}],"curies":[{"name":"wp","href":"https:\/\/api.w.org\/{rel}","templated":true}]}}